{"id":723,"date":"2021-02-01T09:28:23","date_gmt":"2021-02-01T08:28:23","guid":{"rendered":"http:\/\/www.edilog.se\/?p=723"},"modified":"2021-02-01T09:28:23","modified_gmt":"2021-02-01T08:28:23","slug":"edilog-kasvattaa-tuotantoa-ja-tuotekehitysta-uusissa-tuotantotiloissa","status":"publish","type":"post","link":"https:\/\/www.edilog.se\/fi\/edilog-kasvattaa-tuotantoa-ja-tuotekehitysta-uusissa-tuotantotiloissa\/","title":{"rendered":"EdiLog kasvattaa tuotantoa ja tuotekehityst\u00e4 uusissa tuotantotiloissa"},"content":{"rendered":"<p><strong>EdiLog on muuttanut aivan uusiin tuotantotiloihin Timr\u00e5ssa. Tilat on sovitettu pienint\u00e4 yksityiskohtaa my\u00f6ten tehostamaan uuden sukupolven EdiLog puukurottajan valmistusta ja kehityst\u00e4 parhaalla mahdollisella tavalla.<\/strong><\/p>\n<p>&nbsp;<\/p>\n<p>Rakennuksen koko on 1 500 neli\u00f6metri\u00e4 k\u00e4sitt\u00e4en useamman kerroksen ja sis\u00e4lt\u00e4en tuotantotilat, varastot, konttorin sek\u00e4 erikoistilat toimitettujen jo t\u00f6iss\u00e4 olevien koneiden digitaaliseen valvontaan.<\/p>\n<p>&nbsp;<\/p>\n<p>\u2013 Ennen kaikkea olemme optimoineet logistiikan joka lyhent\u00e4\u00e4 huomattavasti puukurottajien tuotantoaikaa. Meill\u00e4 on nyt selv\u00e4sti paremmat tilat mm. varastoinnille ja s\u00e4hk\u00f6t\u00f6ille, tavoitteemme on ollut lyhent\u00e4\u00e4 merkitt\u00e4v\u00e4sti koneiden toimitusaikaa tuleville asiakkaille, kertoo Kjell Arne Engberg, EdiLogin perustaja ja toimitusjohtaja.<\/p>\n<p>Muutto tapahtui lokakuussa 2020 jolloin muutimme Vivstavar-teollisuushallista uusiin tiloihin Timr\u00e5\u00e5n jotka sijaitsevat l\u00e4hell\u00e4 E4 valtatiet\u00e4, lentokentt\u00e4\u00e4 ja rautatiet\u00e4.<\/p>\n<p>Panostus vahvistaa perustellun v\u00e4itteen ett\u00e4 EdiLog on tulevaisuuden ratkaisu puunk\u00e4sittelyyn. T\u00e4ll\u00e4 hetkell\u00e4 on my\u00f6s meneill\u00e4\u00e4n tulevaisuuteen t\u00e4ht\u00e4\u00e4v\u00e4 t\u00e4rke\u00e4 tuotekehitysprojekti energiankulutuksen edelleen tehostamisesta.<\/p>\n<p>\u2013 Meit\u00e4 ajaa eteenp\u00e4in laaja kiinnostus uuteen, uteliaisuus ja avoin mieli muutokseen. Minulla on tapana sanoa: Me emme usko tuohon. Me olemme varmoja ett\u00e4 t\u00e4st\u00e4 tulee hyv\u00e4. Kaikkien jotka ty\u00f6skentelev\u00e4t koneella tai ovat koneen ymp\u00e4rill\u00e4 on nyt valittava suunta kohti pienemp\u00e4\u00e4 energiankulutusta ja parempaa kuljettajan toimintaymp\u00e4rist\u00f6\u00e4, sanoo Kjell Arne Engberg.<\/p>\n<p>Uusissa tiloissa on tilaa jatkaa tuotekehityst\u00e4 samanaikaisesti kasvavan puukurottaja tuotannon kanssa.<\/p>\n<p>\u2013 Kiinteist\u00f6mme koko on 35\u00a0000 neli\u00f6metri\u00e4 ja olemme varautuneet tarvittaessa laajentamaan tilojamme. Olemme valmiit kehitt\u00e4m\u00e4\u00e4n ja kasvamaan puukurottaja markkinoilla, kertoo Kjell Arne Engberg.<\/p>\n","protected":false},"excerpt":{"rendered":"<p>EdiLog on muuttanut aivan uusiin tuotantotiloihin Timr\u00e5ssa. Tilat on sovitettu pienint\u00e4 yksityiskohtaa my\u00f6ten tehostamaan uuden sukupolven EdiLog puukurottajan valmistusta ja kehityst\u00e4 parhaalla mahdollisella tavalla. &nbsp; Rakennuksen koko on 1 500 neli\u00f6metri\u00e4 k\u00e4sitt\u00e4en useamman kerroksen ja sis\u00e4lt\u00e4en tuotantotilat, varastot, konttorin sek\u00e4 erikoistilat toimitettujen jo t\u00f6iss\u00e4 olevien koneiden digitaaliseen valvontaan. &nbsp; \u2013 Ennen kaikkea olemme optimoineet logistiikan joka lyhent\u00e4\u00e4 huomattavasti puukurottajien tuotantoaikaa. &#8230; <a href=\"https:\/\/www.edilog.se\/fi\/edilog-kasvattaa-tuotantoa-ja-tuotekehitysta-uusissa-tuotantotiloissa\/\" class=\"more-link\">Read More<\/a><\/p>\n","protected":false},"author":3,"featured_media":0,"comment_status":"closed","ping_status":"closed","sticky":false,"template":"","format":"standard","meta":{"_acf_changed":false,"footnotes":""},"categories":[5],"tags":[],"class_list":["post-723","post","type-post","status-publish","format-standard","hentry","category-uncategorized-fi","no-post-thumbnail"],"acf":[],"_links":{"self":[{"href":"https:\/\/www.edilog.se\/fi\/wp-json\/wp\/v2\/posts\/723","targetHints":{"allow":["GET"]}}],"collection":[{"href":"https:\/\/www.edilog.se\/fi\/wp-json\/wp\/v2\/posts"}],"about":[{"href":"https:\/\/www.edilog.se\/fi\/wp-json\/wp\/v2\/types\/post"}],"author":[{"embeddable":true,"href":"https:\/\/www.edilog.se\/fi\/wp-json\/wp\/v2\/users\/3"}],"replies":[{"embeddable":true,"href":"https:\/\/www.edilog.se\/fi\/wp-json\/wp\/v2\/comments?post=723"}],"version-history":[{"count":1,"href":"https:\/\/www.edilog.se\/fi\/wp-json\/wp\/v2\/posts\/723\/revisions"}],"predecessor-version":[{"id":724,"href":"https:\/\/www.edilog.se\/fi\/wp-json\/wp\/v2\/posts\/723\/revisions\/724"}],"wp:attachment":[{"href":"https:\/\/www.edilog.se\/fi\/wp-json\/wp\/v2\/media?parent=723"}],"wp:term":[{"taxonomy":"category","embeddable":true,"href":"https:\/\/www.edilog.se\/fi\/wp-json\/wp\/v2\/categories?post=723"},{"taxonomy":"post_tag","embeddable":true,"href":"https:\/\/www.edilog.se\/fi\/wp-json\/wp\/v2\/tags?post=723"}],"curies":[{"name":"wp","href":"https:\/\/api.w.org\/{rel}","templated":true}]}}